{"id":590,"date":"2023-09-19T11:18:29","date_gmt":"2023-09-19T11:18:29","guid":{"rendered":"https:\/\/educacen.es\/?p=590"},"modified":"2024-03-20T19:21:18","modified_gmt":"2024-03-20T19:21:18","slug":"bienvendos-a-nuestra-nueva-web","status":"publish","type":"post","link":"https:\/\/educacen.es\/inicio\/bienvendos-a-nuestra-nueva-web\/18\/29\/11\/","title":{"rendered":"Bienvenidos a nuestro nuevo portal"},"content":{"rendered":"\n<p>Bienvenidos a nuestro nuevo portal. Dise\u00f1ado para padres y profesionales del sector de la educaci\u00f3n especial.  Despu\u00e9s de toda la experiencia adquirida en estos a\u00f1os, hemos escuchado a nuestros usuarios y hemos decidido hacer un espacio privado, donde poder disponer de cientos de materiales y recursos que pondremos a vuestra disposici\u00f3n.<\/p>\n\n\n\n<p>Para ello, disponemos de diferentes categor\u00edas que iremos actualizando semanalmente, para que pod\u00e1is utilizarlos en las aulas y en casa. A la vez nos gustar\u00eda ir subiendo videos explicativos que hagan m\u00e1s f\u00e1cil el uso apropiado de estos videos si no eres profesional en la materia. <\/p>\n\n\n\n<p>Una vez que entres en tu \u00e1rea privada, podr\u00e1s observar varias secciones, entre ellas logopedia o materiales de psicolog\u00eda que te ayudar\u00e1n en el trabajo diario con los peque\u00f1os de la casa. Entre ellos tendr\u00e1s contenido educativo, el mismo que se trabaja en cualquier aula de cualquier colegio , o bien, material auxiliar para emociones, situaciones cotidianas o bien otras dificultades que los ni\u00f1os encuentran en su d\u00eda a d\u00eda, lo mismo que se trabaja en todas las casas . As\u00ed podemos atender casi todos los \u00e1mbitos de la vida de un menor.<\/p>\n\n\n\n<div class=\"wp-block-cover is-light\" style=\"min-height:173px;aspect-ratio:unset;\"><span aria-hidden=\"true\" class=\"wp-block-cover__background has-background-dim\"><\/span><img loading=\"lazy\" decoding=\"async\" width=\"1024\" height=\"446\" class=\"wp-block-cover__image-background wp-image-216\" alt=\"\" src=\"https:\/\/educacen.es\/wp-content\/uploads\/2020\/03\/cropped-Educar-en-Casa_1-scaled-1-1024x446.jpg\" data-object-fit=\"cover\" srcset=\"https:\/\/educacen.es\/wp-content\/uploads\/2020\/03\/cropped-Educar-en-Casa_1-scaled-1-1024x446.jpg 1024w, https:\/\/educacen.es\/wp-content\/uploads\/2020\/03\/cropped-Educar-en-Casa_1-scaled-1-600x261.jpg 600w, https:\/\/educacen.es\/wp-content\/uploads\/2020\/03\/cropped-Educar-en-Casa_1-scaled-1-300x131.jpg 300w, https:\/\/educacen.es\/wp-content\/uploads\/2020\/03\/cropped-Educar-en-Casa_1-scaled-1-768x334.jpg 768w, https:\/\/educacen.es\/wp-content\/uploads\/2020\/03\/cropped-Educar-en-Casa_1-scaled-1-1536x669.jpg 1536w, https:\/\/educacen.es\/wp-content\/uploads\/2020\/03\/cropped-Educar-en-Casa_1-scaled-1.jpg 2000w\" sizes=\"auto, (max-width: 1024px) 100vw, 1024px\" \/><div class=\"wp-block-cover__inner-container is-layout-flow wp-block-cover-is-layout-flow\">\n<p class=\"has-text-align-center has-large-font-size\"><\/p>\n<\/div><\/div>\n\n\n\n<p>La iniciativa Educar en casa surgi\u00f3 hace pocos a\u00f1os, cuando conocimos a nuestros peque\u00f1os amigos que nos obligaron a quedarnos unos meses encerrados. Hasta aqu\u00ed vamos evolucionando aquella iniciativa para que , hoy al menos  podamos aprovechar lo que en su d\u00eda vivimos.<\/p>\n\n\n\n<div class=\"wp-block-file\"><a id=\"wp-block-file--media-4788fd08-79de-43ac-93fb-37a9fc7e9303\" href=\"https:\/\/educacen.es\/wp-content\/uploads\/2023\/11\/Profe-cebolleta-te-ensena-sumas.html\">Profe cebolleta te ense\u00f1a sumas<\/a><a href=\"https:\/\/educacen.es\/wp-content\/uploads\/2023\/11\/Profe-cebolleta-te-ensena-sumas.html\" class=\"wp-block-file__button wp-element-button\" download aria-describedby=\"wp-block-file--media-4788fd08-79de-43ac-93fb-37a9fc7e9303\">Descarga<\/a><\/div>\n\n\n\n<p>En esta zona podr\u00e1s consultar todos los materiales que iremos poniendo a vuestra disposici\u00f3n.<\/p>\n","protected":false},"excerpt":{"rendered":"<p>Bienvenidos a nuestro nuevo portal. Dise\u00f1ado para padres y profesionales del sector de la educaci\u00f3n especial. Despu\u00e9s de toda la experiencia adquirida en estos a\u00f1os, hemos escuchado a nuestros usuarios y hemos decidido hacer un espacio privado, donde poder disponer de cientos de materiales y recursos que pondremos a vuestra [&hellip;]<\/p>\n","protected":false},"author":1,"featured_media":8,"comment_status":"closed","ping_status":"open","sticky":false,"template":"","format":"standard","meta":{"footnotes":""},"categories":[22,21,20],"tags":[30],"class_list":["post-590","post","type-post","status-publish","format-standard","has-post-thumbnail","hentry","category-cursos","category-logopedia","category-psicologia","tag-bienvenidos"],"yoast_head":"<!-- This site is optimized with the Yoast SEO plugin v27.0 - https:\/\/yoast.com\/product\/yoast-seo-wordpress\/ -->\n<title>Bienvenidos a nuestro nuevo portal - Educa-Cen<\/title>\n<meta name=\"description\" content=\"Dise\u00f1ado para padres y profesionales del sector de la educaci\u00f3n especial. Despu\u00e9s de toda la experiencia adquirida en estos a\u00f1os, hemos escuchado a nuestros usuarios y hemos decidido hacer un espacio privado, donde poder disponer de cientos de materiales y recursos que pondremos a vuestra disposici\u00f3n.\" \/>\n<meta name=\"robots\" content=\"noindex, follow\" \/>\n<meta property=\"og:locale\" content=\"es_ES\" \/>\n<meta property=\"og:type\" content=\"article\" \/>\n<meta property=\"og:title\" content=\"Bienvenidos a nuestro nuevo portal - Educa-Cen\" \/>\n<meta property=\"og:description\" content=\"Dise\u00f1ado para padres y profesionales del sector de la educaci\u00f3n especial. Despu\u00e9s de toda la experiencia adquirida en estos a\u00f1os, hemos escuchado a nuestros usuarios y hemos decidido hacer un espacio privado, donde poder disponer de cientos de materiales y recursos que pondremos a vuestra disposici\u00f3n.\" \/>\n<meta property=\"og:url\" content=\"https:\/\/educacen.es\/inicio\/bienvendos-a-nuestra-nueva-web\/18\/29\/11\/\" \/>\n<meta property=\"og:site_name\" content=\"Educa-Cen\" \/>\n<meta property=\"article:published_time\" content=\"2023-09-19T11:18:29+00:00\" \/>\n<meta property=\"article:modified_time\" content=\"2024-03-20T19:21:18+00:00\" \/>\n<meta property=\"og:image\" content=\"https:\/\/educacen.es\/wp-content\/uploads\/2019\/04\/imagen-depatamentos.jpg\" \/>\n\t<meta property=\"og:image:width\" content=\"197\" \/>\n\t<meta property=\"og:image:height\" content=\"173\" \/>\n\t<meta property=\"og:image:type\" content=\"image\/jpeg\" \/>\n<meta name=\"author\" content=\"migue\" \/>\n<meta name=\"twitter:card\" content=\"summary_large_image\" \/>\n<meta name=\"twitter:creator\" content=\"@educacen\" \/>\n<meta name=\"twitter:site\" content=\"@educacen\" \/>\n<meta name=\"twitter:label1\" content=\"Escrito por\" \/>\n\t<meta name=\"twitter:data1\" content=\"migue\" \/>\n\t<meta name=\"twitter:label2\" content=\"Tiempo de lectura\" \/>\n\t<meta name=\"twitter:data2\" content=\"2 minutos\" \/>\n<script type=\"application\/ld+json\" class=\"yoast-schema-graph\">{\"@context\":\"https:\/\/schema.org\",\"@graph\":[{\"@type\":\"Article\",\"@id\":\"https:\/\/educacen.es\/inicio\/bienvendos-a-nuestra-nueva-web\/18\/29\/11\/#article\",\"isPartOf\":{\"@id\":\"https:\/\/educacen.es\/inicio\/bienvendos-a-nuestra-nueva-web\/18\/29\/11\/\"},\"author\":{\"name\":\"migue\",\"@id\":\"https:\/\/educacen.es\/inicio\/#\/schema\/person\/5f025a3a7ae9f1d26bc58149f09f74a1\"},\"headline\":\"Bienvenidos a nuestro nuevo portal\",\"datePublished\":\"2023-09-19T11:18:29+00:00\",\"dateModified\":\"2024-03-20T19:21:18+00:00\",\"mainEntityOfPage\":{\"@id\":\"https:\/\/educacen.es\/inicio\/bienvendos-a-nuestra-nueva-web\/18\/29\/11\/\"},\"wordCount\":279,\"publisher\":{\"@id\":\"https:\/\/educacen.es\/inicio\/#organization\"},\"image\":{\"@id\":\"https:\/\/educacen.es\/inicio\/bienvendos-a-nuestra-nueva-web\/18\/29\/11\/#primaryimage\"},\"thumbnailUrl\":\"https:\/\/educacen.es\/wp-content\/uploads\/2019\/04\/imagen-depatamentos.jpg\",\"keywords\":[\"bienvenidos\"],\"articleSection\":[\"cursos\",\"logopedia\",\"psicologia\"],\"inLanguage\":\"es\"},{\"@type\":\"WebPage\",\"@id\":\"https:\/\/educacen.es\/inicio\/bienvendos-a-nuestra-nueva-web\/18\/29\/11\/\",\"url\":\"https:\/\/educacen.es\/inicio\/bienvendos-a-nuestra-nueva-web\/18\/29\/11\/\",\"name\":\"Bienvenidos a nuestro nuevo portal - Educa-Cen\",\"isPartOf\":{\"@id\":\"https:\/\/educacen.es\/inicio\/#website\"},\"primaryImageOfPage\":{\"@id\":\"https:\/\/educacen.es\/inicio\/bienvendos-a-nuestra-nueva-web\/18\/29\/11\/#primaryimage\"},\"image\":{\"@id\":\"https:\/\/educacen.es\/inicio\/bienvendos-a-nuestra-nueva-web\/18\/29\/11\/#primaryimage\"},\"thumbnailUrl\":\"https:\/\/educacen.es\/wp-content\/uploads\/2019\/04\/imagen-depatamentos.jpg\",\"datePublished\":\"2023-09-19T11:18:29+00:00\",\"dateModified\":\"2024-03-20T19:21:18+00:00\",\"description\":\"Dise\u00f1ado para padres y profesionales del sector de la educaci\u00f3n especial. Despu\u00e9s de toda la experiencia adquirida en estos a\u00f1os, hemos escuchado a nuestros usuarios y hemos decidido hacer un espacio privado, donde poder disponer de cientos de materiales y recursos que pondremos a vuestra disposici\u00f3n.\",\"breadcrumb\":{\"@id\":\"https:\/\/educacen.es\/inicio\/bienvendos-a-nuestra-nueva-web\/18\/29\/11\/#breadcrumb\"},\"inLanguage\":\"es\",\"potentialAction\":[{\"@type\":\"ReadAction\",\"target\":[\"https:\/\/educacen.es\/inicio\/bienvendos-a-nuestra-nueva-web\/18\/29\/11\/\"]}]},{\"@type\":\"ImageObject\",\"inLanguage\":\"es\",\"@id\":\"https:\/\/educacen.es\/inicio\/bienvendos-a-nuestra-nueva-web\/18\/29\/11\/#primaryimage\",\"url\":\"https:\/\/educacen.es\/wp-content\/uploads\/2019\/04\/imagen-depatamentos.jpg\",\"contentUrl\":\"https:\/\/educacen.es\/wp-content\/uploads\/2019\/04\/imagen-depatamentos.jpg\",\"width\":197,\"height\":173},{\"@type\":\"BreadcrumbList\",\"@id\":\"https:\/\/educacen.es\/inicio\/bienvendos-a-nuestra-nueva-web\/18\/29\/11\/#breadcrumb\",\"itemListElement\":[{\"@type\":\"ListItem\",\"position\":1,\"name\":\"Portada\",\"item\":\"https:\/\/educacen.es\/inicio\/\"},{\"@type\":\"ListItem\",\"position\":2,\"name\":\"Bienvenidos a nuestro nuevo portal\"}]},{\"@type\":\"WebSite\",\"@id\":\"https:\/\/educacen.es\/inicio\/#website\",\"url\":\"https:\/\/educacen.es\/inicio\/\",\"name\":\"Educa-Cen\",\"description\":\"Gabinete de Educaci\u00f3n Especial\",\"publisher\":{\"@id\":\"https:\/\/educacen.es\/inicio\/#organization\"},\"potentialAction\":[{\"@type\":\"SearchAction\",\"target\":{\"@type\":\"EntryPoint\",\"urlTemplate\":\"https:\/\/educacen.es\/inicio\/?s={search_term_string}\"},\"query-input\":{\"@type\":\"PropertyValueSpecification\",\"valueRequired\":true,\"valueName\":\"search_term_string\"}}],\"inLanguage\":\"es\"},{\"@type\":\"Organization\",\"@id\":\"https:\/\/educacen.es\/inicio\/#organization\",\"name\":\"Educa-Cen-Gabinete de psicolog\u00eda, logopedia y psicopedagog\u00eda.\",\"url\":\"https:\/\/educacen.es\/inicio\/\",\"logo\":{\"@type\":\"ImageObject\",\"inLanguage\":\"es\",\"@id\":\"https:\/\/educacen.es\/inicio\/#\/schema\/logo\/image\/\",\"url\":\"https:\/\/educacen.es\/wp-content\/uploads\/2019\/06\/logo-educa-cen-scaled.jpg\",\"contentUrl\":\"https:\/\/educacen.es\/wp-content\/uploads\/2019\/06\/logo-educa-cen-scaled.jpg\",\"width\":2560,\"height\":1316,\"caption\":\"Educa-Cen-Gabinete de psicolog\u00eda, logopedia y psicopedagog\u00eda.\"},\"image\":{\"@id\":\"https:\/\/educacen.es\/inicio\/#\/schema\/logo\/image\/\"},\"sameAs\":[\"https:\/\/x.com\/educacen\"]},{\"@type\":\"Person\",\"@id\":\"https:\/\/educacen.es\/inicio\/#\/schema\/person\/5f025a3a7ae9f1d26bc58149f09f74a1\",\"name\":\"migue\",\"image\":{\"@type\":\"ImageObject\",\"inLanguage\":\"es\",\"@id\":\"https:\/\/educacen.es\/inicio\/#\/schema\/person\/image\/\",\"url\":\"https:\/\/secure.gravatar.com\/avatar\/0c4b584203fd2871fecbca678dadfca8c7c427c2f4f9a2b4417e41b95a4fc925?s=96&d=mm&r=g\",\"contentUrl\":\"https:\/\/secure.gravatar.com\/avatar\/0c4b584203fd2871fecbca678dadfca8c7c427c2f4f9a2b4417e41b95a4fc925?s=96&d=mm&r=g\",\"caption\":\"migue\"}}]}<\/script>\n<!-- \/ Yoast SEO plugin. -->","yoast_head_json":{"title":"Bienvenidos a nuestro nuevo portal - Educa-Cen","description":"Dise\u00f1ado para padres y profesionales del sector de la educaci\u00f3n especial. Despu\u00e9s de toda la experiencia adquirida en estos a\u00f1os, hemos escuchado a nuestros usuarios y hemos decidido hacer un espacio privado, donde poder disponer de cientos de materiales y recursos que pondremos a vuestra disposici\u00f3n.","robots":{"index":"noindex","follow":"follow"},"og_locale":"es_ES","og_type":"article","og_title":"Bienvenidos a nuestro nuevo portal - Educa-Cen","og_description":"Dise\u00f1ado para padres y profesionales del sector de la educaci\u00f3n especial. Despu\u00e9s de toda la experiencia adquirida en estos a\u00f1os, hemos escuchado a nuestros usuarios y hemos decidido hacer un espacio privado, donde poder disponer de cientos de materiales y recursos que pondremos a vuestra disposici\u00f3n.","og_url":"https:\/\/educacen.es\/inicio\/bienvendos-a-nuestra-nueva-web\/18\/29\/11\/","og_site_name":"Educa-Cen","article_published_time":"2023-09-19T11:18:29+00:00","article_modified_time":"2024-03-20T19:21:18+00:00","og_image":[{"width":197,"height":173,"url":"https:\/\/educacen.es\/wp-content\/uploads\/2019\/04\/imagen-depatamentos.jpg","type":"image\/jpeg"}],"author":"migue","twitter_card":"summary_large_image","twitter_creator":"@educacen","twitter_site":"@educacen","twitter_misc":{"Escrito por":"migue","Tiempo de lectura":"2 minutos"},"schema":{"@context":"https:\/\/schema.org","@graph":[{"@type":"Article","@id":"https:\/\/educacen.es\/inicio\/bienvendos-a-nuestra-nueva-web\/18\/29\/11\/#article","isPartOf":{"@id":"https:\/\/educacen.es\/inicio\/bienvendos-a-nuestra-nueva-web\/18\/29\/11\/"},"author":{"name":"migue","@id":"https:\/\/educacen.es\/inicio\/#\/schema\/person\/5f025a3a7ae9f1d26bc58149f09f74a1"},"headline":"Bienvenidos a nuestro nuevo portal","datePublished":"2023-09-19T11:18:29+00:00","dateModified":"2024-03-20T19:21:18+00:00","mainEntityOfPage":{"@id":"https:\/\/educacen.es\/inicio\/bienvendos-a-nuestra-nueva-web\/18\/29\/11\/"},"wordCount":279,"publisher":{"@id":"https:\/\/educacen.es\/inicio\/#organization"},"image":{"@id":"https:\/\/educacen.es\/inicio\/bienvendos-a-nuestra-nueva-web\/18\/29\/11\/#primaryimage"},"thumbnailUrl":"https:\/\/educacen.es\/wp-content\/uploads\/2019\/04\/imagen-depatamentos.jpg","keywords":["bienvenidos"],"articleSection":["cursos","logopedia","psicologia"],"inLanguage":"es"},{"@type":"WebPage","@id":"https:\/\/educacen.es\/inicio\/bienvendos-a-nuestra-nueva-web\/18\/29\/11\/","url":"https:\/\/educacen.es\/inicio\/bienvendos-a-nuestra-nueva-web\/18\/29\/11\/","name":"Bienvenidos a nuestro nuevo portal - Educa-Cen","isPartOf":{"@id":"https:\/\/educacen.es\/inicio\/#website"},"primaryImageOfPage":{"@id":"https:\/\/educacen.es\/inicio\/bienvendos-a-nuestra-nueva-web\/18\/29\/11\/#primaryimage"},"image":{"@id":"https:\/\/educacen.es\/inicio\/bienvendos-a-nuestra-nueva-web\/18\/29\/11\/#primaryimage"},"thumbnailUrl":"https:\/\/educacen.es\/wp-content\/uploads\/2019\/04\/imagen-depatamentos.jpg","datePublished":"2023-09-19T11:18:29+00:00","dateModified":"2024-03-20T19:21:18+00:00","description":"Dise\u00f1ado para padres y profesionales del sector de la educaci\u00f3n especial. Despu\u00e9s de toda la experiencia adquirida en estos a\u00f1os, hemos escuchado a nuestros usuarios y hemos decidido hacer un espacio privado, donde poder disponer de cientos de materiales y recursos que pondremos a vuestra disposici\u00f3n.","breadcrumb":{"@id":"https:\/\/educacen.es\/inicio\/bienvendos-a-nuestra-nueva-web\/18\/29\/11\/#breadcrumb"},"inLanguage":"es","potentialAction":[{"@type":"ReadAction","target":["https:\/\/educacen.es\/inicio\/bienvendos-a-nuestra-nueva-web\/18\/29\/11\/"]}]},{"@type":"ImageObject","inLanguage":"es","@id":"https:\/\/educacen.es\/inicio\/bienvendos-a-nuestra-nueva-web\/18\/29\/11\/#primaryimage","url":"https:\/\/educacen.es\/wp-content\/uploads\/2019\/04\/imagen-depatamentos.jpg","contentUrl":"https:\/\/educacen.es\/wp-content\/uploads\/2019\/04\/imagen-depatamentos.jpg","width":197,"height":173},{"@type":"BreadcrumbList","@id":"https:\/\/educacen.es\/inicio\/bienvendos-a-nuestra-nueva-web\/18\/29\/11\/#breadcrumb","itemListElement":[{"@type":"ListItem","position":1,"name":"Portada","item":"https:\/\/educacen.es\/inicio\/"},{"@type":"ListItem","position":2,"name":"Bienvenidos a nuestro nuevo portal"}]},{"@type":"WebSite","@id":"https:\/\/educacen.es\/inicio\/#website","url":"https:\/\/educacen.es\/inicio\/","name":"Educa-Cen","description":"Gabinete de Educaci\u00f3n Especial","publisher":{"@id":"https:\/\/educacen.es\/inicio\/#organization"},"potentialAction":[{"@type":"SearchAction","target":{"@type":"EntryPoint","urlTemplate":"https:\/\/educacen.es\/inicio\/?s={search_term_string}"},"query-input":{"@type":"PropertyValueSpecification","valueRequired":true,"valueName":"search_term_string"}}],"inLanguage":"es"},{"@type":"Organization","@id":"https:\/\/educacen.es\/inicio\/#organization","name":"Educa-Cen-Gabinete de psicolog\u00eda, logopedia y psicopedagog\u00eda.","url":"https:\/\/educacen.es\/inicio\/","logo":{"@type":"ImageObject","inLanguage":"es","@id":"https:\/\/educacen.es\/inicio\/#\/schema\/logo\/image\/","url":"https:\/\/educacen.es\/wp-content\/uploads\/2019\/06\/logo-educa-cen-scaled.jpg","contentUrl":"https:\/\/educacen.es\/wp-content\/uploads\/2019\/06\/logo-educa-cen-scaled.jpg","width":2560,"height":1316,"caption":"Educa-Cen-Gabinete de psicolog\u00eda, logopedia y psicopedagog\u00eda."},"image":{"@id":"https:\/\/educacen.es\/inicio\/#\/schema\/logo\/image\/"},"sameAs":["https:\/\/x.com\/educacen"]},{"@type":"Person","@id":"https:\/\/educacen.es\/inicio\/#\/schema\/person\/5f025a3a7ae9f1d26bc58149f09f74a1","name":"migue","image":{"@type":"ImageObject","inLanguage":"es","@id":"https:\/\/educacen.es\/inicio\/#\/schema\/person\/image\/","url":"https:\/\/secure.gravatar.com\/avatar\/0c4b584203fd2871fecbca678dadfca8c7c427c2f4f9a2b4417e41b95a4fc925?s=96&d=mm&r=g","contentUrl":"https:\/\/secure.gravatar.com\/avatar\/0c4b584203fd2871fecbca678dadfca8c7c427c2f4f9a2b4417e41b95a4fc925?s=96&d=mm&r=g","caption":"migue"}}]}},"_links":{"self":[{"href":"https:\/\/educacen.es\/inicio\/wp-json\/wp\/v2\/posts\/590","targetHints":{"allow":["GET"]}}],"collection":[{"href":"https:\/\/educacen.es\/inicio\/wp-json\/wp\/v2\/posts"}],"about":[{"href":"https:\/\/educacen.es\/inicio\/wp-json\/wp\/v2\/types\/post"}],"author":[{"embeddable":true,"href":"https:\/\/educacen.es\/inicio\/wp-json\/wp\/v2\/users\/1"}],"replies":[{"embeddable":true,"href":"https:\/\/educacen.es\/inicio\/wp-json\/wp\/v2\/comments?post=590"}],"version-history":[{"count":7,"href":"https:\/\/educacen.es\/inicio\/wp-json\/wp\/v2\/posts\/590\/revisions"}],"predecessor-version":[{"id":861,"href":"https:\/\/educacen.es\/inicio\/wp-json\/wp\/v2\/posts\/590\/revisions\/861"}],"wp:featuredmedia":[{"embeddable":true,"href":"https:\/\/educacen.es\/inicio\/wp-json\/wp\/v2\/media\/8"}],"wp:attachment":[{"href":"https:\/\/educacen.es\/inicio\/wp-json\/wp\/v2\/media?parent=590"}],"wp:term":[{"taxonomy":"category","embeddable":true,"href":"https:\/\/educacen.es\/inicio\/wp-json\/wp\/v2\/categories?post=590"},{"taxonomy":"post_tag","embeddable":true,"href":"https:\/\/educacen.es\/inicio\/wp-json\/wp\/v2\/tags?post=590"}],"curies":[{"name":"wp","href":"https:\/\/api.w.org\/{rel}","templated":true}]}}